{"id":983,"date":"2023-11-13T14:16:03","date_gmt":"2023-11-13T14:16:03","guid":{"rendered":"https:\/\/kf-moseltal.de\/?p=983"},"modified":"2023-11-13T14:16:05","modified_gmt":"2023-11-13T14:16:05","slug":"dritter-spieltag-der-saison-23-24","status":"publish","type":"post","link":"https:\/\/kf-moseltal.de\/?p=983","title":{"rendered":"Dritter Spieltag der Saison 23\/24"},"content":{"rendered":"\n<p><strong>Wincheringen 1 chancenlos in Trier gegen den SKV Trier 3<br>Die 2. Mannschaft ebenso chancenlos ausw\u00e4rts gegen den SKV Trier 4<br>unsere 3. holt den Zusatzpunkt ausw\u00e4rts gegen Gilzem 7<\/strong><\/p>\n\n\n\n<p>Kein gutes Wochenende f\u00fcr die Mosellaner, aber dennoch eingeplant. Die Trierer Teams sind bekannt f\u00fcr ihre Heimst\u00e4rke und wir gingen davon aus dass nicht viel zu gewinnen sein wird und genau so kam es auch. Versch\u00e4rft wurde die Situation gar noch durch die angespannte Personalsituation und Aloisius Wietor musste gar aushelfen. Nach dem ersten Block lagen wird bereits mit 200 Holz zur\u00fcck und auch den Zusatzpunkt war nicht mehr zu denken.<br>Am Ende stand des 3371:2562 26:10 und wir wurden mit 3:0 nach Hause geschickt.<\/p>\n\n\n\n<figure class=\"wp-block-image size-large\"><img loading=\"lazy\" decoding=\"async\" width=\"1024\" height=\"548\" src=\"https:\/\/kf-moseltal.de\/wp-content\/uploads\/2023\/11\/3.spieltag-Regionalliga-1024x548.jpg\" alt=\"\" class=\"wp-image-984\" srcset=\"https:\/\/kf-moseltal.de\/wp-content\/uploads\/2023\/11\/3.spieltag-Regionalliga-1024x548.jpg 1024w, https:\/\/kf-moseltal.de\/wp-content\/uploads\/2023\/11\/3.spieltag-Regionalliga-300x160.jpg 300w, https:\/\/kf-moseltal.de\/wp-content\/uploads\/2023\/11\/3.spieltag-Regionalliga-768x411.jpg 768w, https:\/\/kf-moseltal.de\/wp-content\/uploads\/2023\/11\/3.spieltag-Regionalliga-1536x821.jpg 1536w, https:\/\/kf-moseltal.de\/wp-content\/uploads\/2023\/11\/3.spieltag-Regionalliga.jpg 1670w\" sizes=\"auto, (max-width: 1024px) 100vw, 1024px\" \/><\/figure>\n\n\n\n<p>Ebenso ging es der 2. Mannschaft, obwohl personell recht gut besetzt , war man doch gegen Trier 4 chancenlos. Marc Kersch (5)&amp; Frederic Becker (3) erspielten zwar mit 746 und 740 gute Ergebnisse jedoch reichten diese bei weitem nicht aus um dem SKV Paroli zu bieten.<br>Am Ende ging die Partie 3041:2745 25:11 damit 3:0 verloren<\/p>\n\n\n\n<figure class=\"wp-block-image size-large is-resized\"><img loading=\"lazy\" decoding=\"async\" width=\"1024\" height=\"470\" src=\"https:\/\/kf-moseltal.de\/wp-content\/uploads\/2023\/11\/3.spieltag-oberliga-1024x470.jpg\" alt=\"\" class=\"wp-image-985\" style=\"width:670px;height:auto\" srcset=\"https:\/\/kf-moseltal.de\/wp-content\/uploads\/2023\/11\/3.spieltag-oberliga-1024x470.jpg 1024w, https:\/\/kf-moseltal.de\/wp-content\/uploads\/2023\/11\/3.spieltag-oberliga-300x138.jpg 300w, https:\/\/kf-moseltal.de\/wp-content\/uploads\/2023\/11\/3.spieltag-oberliga-768x352.jpg 768w, https:\/\/kf-moseltal.de\/wp-content\/uploads\/2023\/11\/3.spieltag-oberliga-1536x705.jpg 1536w, https:\/\/kf-moseltal.de\/wp-content\/uploads\/2023\/11\/3.spieltag-oberliga.jpg 1633w\" sizes=\"auto, (max-width: 1024px) 100vw, 1024px\" \/><\/figure>\n\n\n\n<p>Unserer 3. hingegen erging es etwas besser. Mit einer f\u00fcr die 3. Mannschaft homogenen Mannschaftsleistung konnte gegen den Gilzemer Aufbaukader der Zusatzpunkt gewonnen werden. Dominique Tangeten 620 (5) und Michael Reuter (6) stellten das 2:1 sicher.<\/p>\n\n\n\n<figure class=\"wp-block-image size-large\"><img loading=\"lazy\" decoding=\"async\" width=\"1024\" height=\"568\" src=\"https:\/\/kf-moseltal.de\/wp-content\/uploads\/2023\/11\/3.spieltag-bzliga-1024x568.jpg\" alt=\"\" class=\"wp-image-986\" srcset=\"https:\/\/kf-moseltal.de\/wp-content\/uploads\/2023\/11\/3.spieltag-bzliga-1024x568.jpg 1024w, https:\/\/kf-moseltal.de\/wp-content\/uploads\/2023\/11\/3.spieltag-bzliga-300x167.jpg 300w, https:\/\/kf-moseltal.de\/wp-content\/uploads\/2023\/11\/3.spieltag-bzliga-768x426.jpg 768w, https:\/\/kf-moseltal.de\/wp-content\/uploads\/2023\/11\/3.spieltag-bzliga-1536x853.jpg 1536w, https:\/\/kf-moseltal.de\/wp-content\/uploads\/2023\/11\/3.spieltag-bzliga.jpg 1677w\" sizes=\"auto, (max-width: 1024px) 100vw, 1024px\" \/><\/figure>\n","protected":false},"excerpt":{"rendered":"<p>Wincheringen 1 chancenlos in Trier gegen den SKV Trier 3Die 2. Mannschaft ebenso chancenlos ausw\u00e4rts gegen den SKV Trier 4unsere 3. holt den Zusatzpunkt ausw\u00e4rts gegen Gilzem 7 Kein gutes Wochenende f\u00fcr die Mosellaner, aber dennoch eingeplant. Die Trierer Teams &hellip; <a href=\"https:\/\/kf-moseltal.de\/?p=983\">Weiterlesen <span class=\"meta-nav\">&rarr;<\/span><\/a><\/p>\n","protected":false},"author":1,"featured_media":0,"comment_status":"closed","ping_status":"closed","sticky":false,"template":"","format":"standard","meta":{"_coblocks_attr":"","_coblocks_dimensions":"","_coblocks_responsive_height":"","_coblocks_accordion_ie_support":"","footnotes":""},"categories":[3],"tags":[],"class_list":["post-983","post","type-post","status-publish","format-standard","hentry","category-spielbetrieb"],"_links":{"self":[{"href":"https:\/\/kf-moseltal.de\/index.php?rest_route=\/wp\/v2\/posts\/983","targetHints":{"allow":["GET"]}}],"collection":[{"href":"https:\/\/kf-moseltal.de\/index.php?rest_route=\/wp\/v2\/posts"}],"about":[{"href":"https:\/\/kf-moseltal.de\/index.php?rest_route=\/wp\/v2\/types\/post"}],"author":[{"embeddable":true,"href":"https:\/\/kf-moseltal.de\/index.php?rest_route=\/wp\/v2\/users\/1"}],"replies":[{"embeddable":true,"href":"https:\/\/kf-moseltal.de\/index.php?rest_route=%2Fwp%2Fv2%2Fcomments&post=983"}],"version-history":[{"count":1,"href":"https:\/\/kf-moseltal.de\/index.php?rest_route=\/wp\/v2\/posts\/983\/revisions"}],"predecessor-version":[{"id":987,"href":"https:\/\/kf-moseltal.de\/index.php?rest_route=\/wp\/v2\/posts\/983\/revisions\/987"}],"wp:attachment":[{"href":"https:\/\/kf-moseltal.de\/index.php?rest_route=%2Fwp%2Fv2%2Fmedia&parent=983"}],"wp:term":[{"taxonomy":"category","embeddable":true,"href":"https:\/\/kf-moseltal.de\/index.php?rest_route=%2Fwp%2Fv2%2Fcategories&post=983"},{"taxonomy":"post_tag","embeddable":true,"href":"https:\/\/kf-moseltal.de\/index.php?rest_route=%2Fwp%2Fv2%2Ftags&post=983"}],"curies":[{"name":"wp","href":"https:\/\/api.w.org\/{rel}","templated":true}]}}