{"id":432,"date":"2021-05-22T20:36:37","date_gmt":"2021-05-22T20:36:37","guid":{"rendered":"https:\/\/kf-oppen.de\/?p=432"},"modified":"2021-06-09T09:12:43","modified_gmt":"2021-06-09T09:12:43","slug":"generalversammlung","status":"publish","type":"post","link":"https:\/\/kf-moseltal.de\/?p=432","title":{"rendered":"GENERALVERSAMMLUNG &#8211; ENTSCHEIDUNGEN"},"content":{"rendered":"\n<p class=\"has-white-color has-blue-background-color has-text-color has-background\"><strong>Die Generalversammlung hat am 26.05.2021 folgendes beschlossen:<\/strong><br><span class=\"has-inline-color has-white-color\"><br>1. Vereinsumbenennung in <strong>Kegelfreunde Moseltal<\/strong><br>2. Einstimmung Umzug zur neuen Heimbahn nach Wincheringen<br>3. Meldung von 2 aktiven Mannschaften f\u00fcr die Spielzeit 2021\/2022<br>4. Neuer Pr\u00e4sident ist Patrick Weyrich, 2. Vorsitzender ist Benhard Lang<br>     Frederic Becker \u00fcbernimmt den Posten des Sportwartes und Schriftf\u00fchrers<br>     Jerome Trausch wird Kassierer<\/span><br><\/p>\n\n\n\n<p><\/p>\n\n\n\n<p class=\"has-white-color has-blue-background-color has-text-color has-background\">Liebe Kegelfreunde, <br>Die Generalversammlung mit Vorstandsneuwahlen findet am Mittwoch den 26.05.2021 um 19:00 in M\u00fcnsbach statt. Um vollz\u00e4hliges Erscheinen wird gebeten.<\/p>\n\n\n\n<p><\/p>\n","protected":false},"excerpt":{"rendered":"<p>Die Generalversammlung hat am 26.05.2021 folgendes beschlossen:1. Vereinsumbenennung in Kegelfreunde Moseltal2. Einstimmung Umzug zur neuen Heimbahn nach Wincheringen3. Meldung von 2 aktiven Mannschaften f\u00fcr die Spielzeit 2021\/20224. Neuer Pr\u00e4sident ist Patrick Weyrich, 2. Vorsitzender ist Benhard Lang Frederic Becker \u00fcbernimmt &hellip; <a href=\"https:\/\/kf-moseltal.de\/?p=432\">Weiterlesen <span class=\"meta-nav\">&rarr;<\/span><\/a><\/p>\n","protected":false},"author":1,"featured_media":0,"comment_status":"open","ping_status":"open","sticky":false,"template":"","format":"standard","meta":{"_coblocks_attr":"","_coblocks_dimensions":"","_coblocks_responsive_height":"","_coblocks_accordion_ie_support":"","footnotes":""},"categories":[5],"tags":[10],"class_list":["post-432","post","type-post","status-publish","format-standard","hentry","category-verweinsverwaltung","tag-generalversammlung"],"_links":{"self":[{"href":"https:\/\/kf-moseltal.de\/index.php?rest_route=\/wp\/v2\/posts\/432","targetHints":{"allow":["GET"]}}],"collection":[{"href":"https:\/\/kf-moseltal.de\/index.php?rest_route=\/wp\/v2\/posts"}],"about":[{"href":"https:\/\/kf-moseltal.de\/index.php?rest_route=\/wp\/v2\/types\/post"}],"author":[{"embeddable":true,"href":"https:\/\/kf-moseltal.de\/index.php?rest_route=\/wp\/v2\/users\/1"}],"replies":[{"embeddable":true,"href":"https:\/\/kf-moseltal.de\/index.php?rest_route=%2Fwp%2Fv2%2Fcomments&post=432"}],"version-history":[{"count":0,"href":"https:\/\/kf-moseltal.de\/index.php?rest_route=\/wp\/v2\/posts\/432\/revisions"}],"wp:attachment":[{"href":"https:\/\/kf-moseltal.de\/index.php?rest_route=%2Fwp%2Fv2%2Fmedia&parent=432"}],"wp:term":[{"taxonomy":"category","embeddable":true,"href":"https:\/\/kf-moseltal.de\/index.php?rest_route=%2Fwp%2Fv2%2Fcategories&post=432"},{"taxonomy":"post_tag","embeddable":true,"href":"https:\/\/kf-moseltal.de\/index.php?rest_route=%2Fwp%2Fv2%2Ftags&post=432"}],"curies":[{"name":"wp","href":"https:\/\/api.w.org\/{rel}","templated":true}]}}